{"id":12738,"date":"2023-10-24T10:29:17","date_gmt":"2023-10-24T08:29:17","guid":{"rendered":"https:\/\/kvoev-actp.ch\/additive-manufacturing-utilisation-dimprimantes-3d-aux-cff-retrospective-de-la-manifestation-dautomne\/"},"modified":"2023-10-24T10:29:55","modified_gmt":"2023-10-24T08:29:55","slug":"additive-manufacturing-utilisation-dimprimantes-3d-aux-cff-retrospective-de-la-manifestation-dautomne","status":"publish","type":"post","link":"https:\/\/www.kvoev-actp.ch\/fr\/additive-manufacturing-utilisation-dimprimantes-3d-aux-cff-retrospective-de-la-manifestation-dautomne\/","title":{"rendered":"\u00ab Additive Manufacturing \u00bb &#8211; Utilisation d&#8217;imprimantes 3D aux CFF. &#8211; R\u00e9trospective de la manifestation d&#8217;automne"},"content":{"rendered":"\t\t<div data-elementor-type=\"wp-post\" data-elementor-id=\"12738\" class=\"elementor elementor-12738 elementor-12729\" data-elementor-post-type=\"post\">\n\t\t\t\t\t\t<section class=\"elementor-section elementor-top-section elementor-element elementor-element-03e5e8a elementor-section-boxed elementor-section-height-default elementor-section-height-default\" data-id=\"03e5e8a\" data-element_type=\"section\" data-e-type=\"section\">\n\t\t\t\t\t\t<div class=\"elementor-container elementor-column-gap-default\">\n\t\t\t\t\t<div class=\"elementor-column elementor-col-100 elementor-top-column elementor-element elementor-element-24910ee\" data-id=\"24910ee\" data-element_type=\"column\" data-e-type=\"column\">\n\t\t\t<div class=\"elementor-widget-wrap elementor-element-populated\">\n\t\t\t\t\t\t<div class=\"elementor-element elementor-element-ecb6c37 elementor-widget elementor-widget-spacer\" data-id=\"ecb6c37\" data-element_type=\"widget\" data-e-type=\"widget\" data-widget_type=\"spacer.default\">\n\t\t\t\t<div class=\"elementor-widget-container\">\n\t\t\t\t\t\t\t<div class=\"elementor-spacer\">\n\t\t\t<div class=\"elementor-spacer-inner\"><\/div>\n\t\t<\/div>\n\t\t\t\t\t\t<\/div>\n\t\t\t\t<\/div>\n\t\t\t\t\t<\/div>\n\t\t<\/div>\n\t\t\t\t\t<\/div>\n\t\t<\/section>\n\t\t\t\t<section class=\"elementor-section elementor-top-section elementor-element elementor-element-bbcafe3 elementor-section-boxed elementor-section-height-default elementor-section-height-default\" data-id=\"bbcafe3\" data-element_type=\"section\" data-e-type=\"section\">\n\t\t\t\t\t\t<div class=\"elementor-container elementor-column-gap-default\">\n\t\t\t\t\t<div class=\"elementor-column elementor-col-100 elementor-top-column elementor-element elementor-element-08a4148\" data-id=\"08a4148\" data-element_type=\"column\" data-e-type=\"column\">\n\t\t\t<div class=\"elementor-widget-wrap elementor-element-populated\">\n\t\t\t\t\t\t<div class=\"elementor-element elementor-element-9164229 elementor-widget elementor-widget-heading\" data-id=\"9164229\" data-element_type=\"widget\" data-e-type=\"widget\" data-widget_type=\"heading.default\">\n\t\t\t\t<div class=\"elementor-widget-container\">\n\t\t\t\t\t<h2 class=\"elementor-heading-title elementor-size-default\">\"Additive Manufacturing\" - utilisation d'imprimantes 3D aux CFF. - R\u00e9trospective de la manifestation d'automne \n <\/h2>\t\t\t\t<\/div>\n\t\t\t\t<\/div>\n\t\t\t\t\t<\/div>\n\t\t<\/div>\n\t\t\t\t\t<\/div>\n\t\t<\/section>\n\t\t\t\t<section class=\"elementor-section elementor-top-section elementor-element elementor-element-1204f8b elementor-section-boxed elementor-section-height-default elementor-section-height-default\" data-id=\"1204f8b\" data-element_type=\"section\" data-e-type=\"section\">\n\t\t\t\t\t\t<div class=\"elementor-container elementor-column-gap-default\">\n\t\t\t\t\t<div class=\"elementor-column elementor-col-100 elementor-top-column elementor-element elementor-element-e1103d0\" data-id=\"e1103d0\" data-element_type=\"column\" data-e-type=\"column\">\n\t\t\t<div class=\"elementor-widget-wrap elementor-element-populated\">\n\t\t\t\t\t\t<div class=\"elementor-element elementor-element-519a1bc elementor-widget elementor-widget-text-editor\" data-id=\"519a1bc\" data-element_type=\"widget\" data-e-type=\"widget\" data-widget_type=\"text-editor.default\">\n\t\t\t\t<div class=\"elementor-widget-container\">\n\t\t\t\t\t\t\t\t\t<p>24 octobre 2023<\/p>\n\t\t\t\t\t\t\t\t<\/div>\n\t\t\t\t<\/div>\n\t\t\t\t\t<\/div>\n\t\t<\/div>\n\t\t\t\t\t<\/div>\n\t\t<\/section>\n\t\t\t\t<section class=\"elementor-section elementor-top-section elementor-element elementor-element-d6c235d elementor-section-boxed elementor-section-height-default elementor-section-height-default\" data-id=\"d6c235d\" data-element_type=\"section\" data-e-type=\"section\">\n\t\t\t\t\t\t<div class=\"elementor-container elementor-column-gap-default\">\n\t\t\t\t\t<div class=\"elementor-column elementor-col-100 elementor-top-column elementor-element elementor-element-43933fe\" data-id=\"43933fe\" data-element_type=\"column\" data-e-type=\"column\">\n\t\t\t<div class=\"elementor-widget-wrap elementor-element-populated\">\n\t\t\t\t\t\t<div class=\"elementor-element elementor-element-6a9df35 elementor-widget elementor-widget-image\" data-id=\"6a9df35\" data-element_type=\"widget\" data-e-type=\"widget\" data-widget_type=\"image.default\">\n\t\t\t\t<div class=\"elementor-widget-container\">\n\t\t\t\t\t\t\t\t\t\t\t\t\t\t\t<img fetchpriority=\"high\" decoding=\"async\" width=\"550\" height=\"302\" src=\"https:\/\/www.kvoev-actp.ch\/wp-content\/uploads\/2023\/10\/herbstanlass-23-mi-ju-550.jpg\" class=\"attachment-large size-large wp-image-12733\" alt=\"\" srcset=\"https:\/\/www.kvoev-actp.ch\/wp-content\/uploads\/2023\/10\/herbstanlass-23-mi-ju-550.jpg 550w, https:\/\/www.kvoev-actp.ch\/wp-content\/uploads\/2023\/10\/herbstanlass-23-mi-ju-550-300x165.jpg 300w\" sizes=\"(max-width: 550px) 100vw, 550px\" \/>\t\t\t\t\t\t\t\t\t\t\t\t\t\t\t<\/div>\n\t\t\t\t<\/div>\n\t\t\t\t\t<\/div>\n\t\t<\/div>\n\t\t\t\t\t<\/div>\n\t\t<\/section>\n\t\t\t\t<section class=\"elementor-section elementor-top-section elementor-element elementor-element-fbf5de3 elementor-section-boxed elementor-section-height-default elementor-section-height-default\" data-id=\"fbf5de3\" data-element_type=\"section\" data-e-type=\"section\">\n\t\t\t\t\t\t<div class=\"elementor-container elementor-column-gap-default\">\n\t\t\t\t\t<div class=\"elementor-column elementor-col-100 elementor-top-column elementor-element elementor-element-fd8e79e\" data-id=\"fd8e79e\" data-element_type=\"column\" data-e-type=\"column\">\n\t\t\t<div class=\"elementor-widget-wrap\">\n\t\t\t\t\t\t\t<\/div>\n\t\t<\/div>\n\t\t\t\t\t<\/div>\n\t\t<\/section>\n\t\t\t\t<section class=\"elementor-section elementor-top-section elementor-element elementor-element-441a6a3 elementor-section-boxed elementor-section-height-default elementor-section-height-default\" data-id=\"441a6a3\" data-element_type=\"section\" data-e-type=\"section\">\n\t\t\t\t\t\t<div class=\"elementor-container elementor-column-gap-default\">\n\t\t\t\t\t<div class=\"elementor-column elementor-col-100 elementor-top-column elementor-element elementor-element-aa26b0e\" data-id=\"aa26b0e\" data-element_type=\"column\" data-e-type=\"column\">\n\t\t\t<div class=\"elementor-widget-wrap elementor-element-populated\">\n\t\t\t\t\t\t<div class=\"elementor-element elementor-element-11fda5c elementor-widget elementor-widget-text-editor\" data-id=\"11fda5c\" data-element_type=\"widget\" data-e-type=\"widget\" data-widget_type=\"text-editor.default\">\n\t\t\t\t<div class=\"elementor-widget-container\">\n\t\t\t\t\t\t\t\t\t<p>R\u00e9trospective de la manifestation d&#8217;automne du GR Plateau \/ Jura de l&#8217;ACTP du 19 octobre : Josquin Bourgeois. Responsable du centre de comp\u00e9tences &#8220;Additive Manufacturing&#8221; chez CFF Production Voyageurs, a pr\u00e9sent\u00e9 les possibilit\u00e9s d&#8217;utilisation et les avantages de la fabrication de pi\u00e8ces par impression 3D.<\/p>\n<p>Vous trouverez sa pr\u00e9sentation et quelques photos d&#8217;ambiance dans nos archives.<\/p>\n<p><span style=\"color: #993300;\"><strong><a style=\"color: #993300;\" href=\"https:\/\/www.kvoev-actp.ch\/fr\/manifestations\/additive-manufacturing-bei-den-sbb\/\">Vers les archives et la pr\u00e9sentation.<\/a><\/strong><\/span><\/p>\n\t\t\t\t\t\t\t\t<\/div>\n\t\t\t\t<\/div>\n\t\t\t\t\t<\/div>\n\t\t<\/div>\n\t\t\t\t\t<\/div>\n\t\t<\/section>\n\t\t\t\t<section class=\"elementor-section elementor-top-section elementor-element elementor-element-8494f03 elementor-section-boxed elementor-section-height-default elementor-section-height-default\" data-id=\"8494f03\" data-element_type=\"section\" data-e-type=\"section\">\n\t\t\t\t\t\t<div class=\"elementor-container elementor-column-gap-default\">\n\t\t\t\t\t<div class=\"elementor-column elementor-col-100 elementor-top-column elementor-element elementor-element-9898c54\" data-id=\"9898c54\" data-element_type=\"column\" data-e-type=\"column\">\n\t\t\t<div class=\"elementor-widget-wrap elementor-element-populated\">\n\t\t\t\t\t\t<div class=\"elementor-element elementor-element-13f8115 elementor-widget elementor-widget-spacer\" data-id=\"13f8115\" data-element_type=\"widget\" data-e-type=\"widget\" data-widget_type=\"spacer.default\">\n\t\t\t\t<div class=\"elementor-widget-container\">\n\t\t\t\t\t\t\t<div class=\"elementor-spacer\">\n\t\t\t<div class=\"elementor-spacer-inner\"><\/div>\n\t\t<\/div>\n\t\t\t\t\t\t<\/div>\n\t\t\t\t<\/div>\n\t\t\t\t\t<\/div>\n\t\t<\/div>\n\t\t\t\t\t<\/div>\n\t\t<\/section>\n\t\t\t\t<\/div>\n\t\t","protected":false},"excerpt":{"rendered":"<p>&#8220;Additive Manufacturing&#8221; &#8211; utilisation d&#8217;imprimantes 3D aux CFF. &#8211; R\u00e9trospective de la manifestation d&#8217;automne 24 octobre 2023 R\u00e9trospective de la manifestation d&#8217;automne du GR Plateau \/ Jura de l&#8217;ACTP du 19 octobre : Josquin Bourgeois. Responsable du centre de comp\u00e9tences &#8220;Additive Manufacturing&#8221; chez CFF Production Voyageurs, a pr\u00e9sent\u00e9 les possibilit\u00e9s d&#8217;utilisation et les avantages de [&hellip;]<\/p>\n","protected":false},"author":1,"featured_media":12731,"comment_status":"closed","ping_status":"closed","sticky":false,"template":"","format":"standard","meta":{"footnotes":""},"categories":[63,56],"tags":[37],"class_list":["post-12738","post","type-post","status-publish","format-standard","has-post-thumbnail","hentry","category-groupe-regional","category-manifestations","tag-francais"],"_links":{"self":[{"href":"https:\/\/www.kvoev-actp.ch\/fr\/wp-json\/wp\/v2\/posts\/12738","targetHints":{"allow":["GET"]}}],"collection":[{"href":"https:\/\/www.kvoev-actp.ch\/fr\/wp-json\/wp\/v2\/posts"}],"about":[{"href":"https:\/\/www.kvoev-actp.ch\/fr\/wp-json\/wp\/v2\/types\/post"}],"author":[{"embeddable":true,"href":"https:\/\/www.kvoev-actp.ch\/fr\/wp-json\/wp\/v2\/users\/1"}],"replies":[{"embeddable":true,"href":"https:\/\/www.kvoev-actp.ch\/fr\/wp-json\/wp\/v2\/comments?post=12738"}],"version-history":[{"count":4,"href":"https:\/\/www.kvoev-actp.ch\/fr\/wp-json\/wp\/v2\/posts\/12738\/revisions"}],"predecessor-version":[{"id":12742,"href":"https:\/\/www.kvoev-actp.ch\/fr\/wp-json\/wp\/v2\/posts\/12738\/revisions\/12742"}],"wp:featuredmedia":[{"embeddable":true,"href":"https:\/\/www.kvoev-actp.ch\/fr\/wp-json\/wp\/v2\/media\/12731"}],"wp:attachment":[{"href":"https:\/\/www.kvoev-actp.ch\/fr\/wp-json\/wp\/v2\/media?parent=12738"}],"wp:term":[{"taxonomy":"category","embeddable":true,"href":"https:\/\/www.kvoev-actp.ch\/fr\/wp-json\/wp\/v2\/categories?post=12738"},{"taxonomy":"post_tag","embeddable":true,"href":"https:\/\/www.kvoev-actp.ch\/fr\/wp-json\/wp\/v2\/tags?post=12738"}],"curies":[{"name":"wp","href":"https:\/\/api.w.org\/{rel}","templated":true}]}}