{"id":13093,"date":"2023-11-17T10:34:52","date_gmt":"2023-11-17T09:34:52","guid":{"rendered":"https:\/\/kvoev-actp.ch\/retro-a-la-visite-des-chantiers-navals-de-la-cgn-avec-des-photos\/"},"modified":"2023-11-17T10:36:01","modified_gmt":"2023-11-17T09:36:01","slug":"retro-a-la-visite-des-chantiers-navals-de-la-cgn-avec-des-photos","status":"publish","type":"post","link":"https:\/\/www.kvoev-actp.ch\/fr\/retro-a-la-visite-des-chantiers-navals-de-la-cgn-avec-des-photos\/","title":{"rendered":"R\u00e9tro \u00e0 la visite des chantiers navals de la CGN avec des photos"},"content":{"rendered":"\t\t<div data-elementor-type=\"wp-post\" data-elementor-id=\"13093\" class=\"elementor elementor-13093 elementor-13084\" data-elementor-post-type=\"post\">\n\t\t\t\t\t\t<section class=\"elementor-section elementor-top-section elementor-element elementor-element-03e5e8a elementor-section-boxed elementor-section-height-default elementor-section-height-default\" data-id=\"03e5e8a\" data-element_type=\"section\" data-e-type=\"section\">\n\t\t\t\t\t\t<div class=\"elementor-container elementor-column-gap-default\">\n\t\t\t\t\t<div class=\"elementor-column elementor-col-100 elementor-top-column elementor-element elementor-element-24910ee\" data-id=\"24910ee\" data-element_type=\"column\" data-e-type=\"column\">\n\t\t\t<div class=\"elementor-widget-wrap elementor-element-populated\">\n\t\t\t\t\t\t<div class=\"elementor-element elementor-element-ecb6c37 elementor-widget elementor-widget-spacer\" data-id=\"ecb6c37\" data-element_type=\"widget\" data-e-type=\"widget\" data-widget_type=\"spacer.default\">\n\t\t\t\t<div class=\"elementor-widget-container\">\n\t\t\t\t\t\t\t<div class=\"elementor-spacer\">\n\t\t\t<div class=\"elementor-spacer-inner\"><\/div>\n\t\t<\/div>\n\t\t\t\t\t\t<\/div>\n\t\t\t\t<\/div>\n\t\t\t\t\t<\/div>\n\t\t<\/div>\n\t\t\t\t\t<\/div>\n\t\t<\/section>\n\t\t\t\t<section class=\"elementor-section elementor-top-section elementor-element elementor-element-bbcafe3 elementor-section-boxed elementor-section-height-default elementor-section-height-default\" data-id=\"bbcafe3\" data-element_type=\"section\" data-e-type=\"section\">\n\t\t\t\t\t\t<div class=\"elementor-container elementor-column-gap-default\">\n\t\t\t\t\t<div class=\"elementor-column elementor-col-100 elementor-top-column elementor-element elementor-element-08a4148\" data-id=\"08a4148\" data-element_type=\"column\" data-e-type=\"column\">\n\t\t\t<div class=\"elementor-widget-wrap elementor-element-populated\">\n\t\t\t\t\t\t<div class=\"elementor-element elementor-element-9164229 elementor-widget elementor-widget-heading\" data-id=\"9164229\" data-element_type=\"widget\" data-e-type=\"widget\" data-widget_type=\"heading.default\">\n\t\t\t\t<div class=\"elementor-widget-container\">\n\t\t\t\t\t<h2 class=\"elementor-heading-title elementor-size-default\">R\u00e9tro \u00e0 la visite des chantiers navals de la CGN avec des photos<\/h2>\t\t\t\t<\/div>\n\t\t\t\t<\/div>\n\t\t\t\t\t<\/div>\n\t\t<\/div>\n\t\t\t\t\t<\/div>\n\t\t<\/section>\n\t\t\t\t<section class=\"elementor-section elementor-top-section elementor-element elementor-element-1204f8b elementor-section-boxed elementor-section-height-default elementor-section-height-default\" data-id=\"1204f8b\" data-element_type=\"section\" data-e-type=\"section\">\n\t\t\t\t\t\t<div class=\"elementor-container elementor-column-gap-default\">\n\t\t\t\t\t<div class=\"elementor-column elementor-col-100 elementor-top-column elementor-element elementor-element-e1103d0\" data-id=\"e1103d0\" data-element_type=\"column\" data-e-type=\"column\">\n\t\t\t<div class=\"elementor-widget-wrap elementor-element-populated\">\n\t\t\t\t\t\t<div class=\"elementor-element elementor-element-519a1bc elementor-widget elementor-widget-text-editor\" data-id=\"519a1bc\" data-element_type=\"widget\" data-e-type=\"widget\" data-widget_type=\"text-editor.default\">\n\t\t\t\t<div class=\"elementor-widget-container\">\n\t\t\t\t\t\t\t\t\t<p>17 novembre 2023<\/p>\n\t\t\t\t\t\t\t\t<\/div>\n\t\t\t\t<\/div>\n\t\t\t\t\t<\/div>\n\t\t<\/div>\n\t\t\t\t\t<\/div>\n\t\t<\/section>\n\t\t\t\t<section class=\"elementor-section elementor-top-section elementor-element elementor-element-d6c235d elementor-section-boxed elementor-section-height-default elementor-section-height-default\" data-id=\"d6c235d\" data-element_type=\"section\" data-e-type=\"section\">\n\t\t\t\t\t\t<div class=\"elementor-container elementor-column-gap-default\">\n\t\t\t\t\t<div class=\"elementor-column elementor-col-100 elementor-top-column elementor-element elementor-element-43933fe\" data-id=\"43933fe\" data-element_type=\"column\" data-e-type=\"column\">\n\t\t\t<div class=\"elementor-widget-wrap elementor-element-populated\">\n\t\t\t\t\t\t<div class=\"elementor-element elementor-element-dae2e4e elementor-widget elementor-widget-image\" data-id=\"dae2e4e\" data-element_type=\"widget\" data-e-type=\"widget\" data-widget_type=\"image.default\">\n\t\t\t\t<div class=\"elementor-widget-container\">\n\t\t\t\t\t\t\t\t\t\t\t\t\t\t\t<img fetchpriority=\"high\" decoding=\"async\" width=\"550\" height=\"401\" src=\"https:\/\/www.kvoev-actp.ch\/wp-content\/uploads\/2023\/11\/cgn-werft-550.jpg\" class=\"attachment-large size-large wp-image-13088\" alt=\"\" srcset=\"https:\/\/www.kvoev-actp.ch\/wp-content\/uploads\/2023\/11\/cgn-werft-550.jpg 550w, https:\/\/www.kvoev-actp.ch\/wp-content\/uploads\/2023\/11\/cgn-werft-550-300x219.jpg 300w\" sizes=\"(max-width: 550px) 100vw, 550px\" \/>\t\t\t\t\t\t\t\t\t\t\t\t\t\t\t<\/div>\n\t\t\t\t<\/div>\n\t\t\t\t\t<\/div>\n\t\t<\/div>\n\t\t\t\t\t<\/div>\n\t\t<\/section>\n\t\t\t\t<section class=\"elementor-section elementor-top-section elementor-element elementor-element-fbf5de3 elementor-section-boxed elementor-section-height-default elementor-section-height-default\" data-id=\"fbf5de3\" data-element_type=\"section\" data-e-type=\"section\">\n\t\t\t\t\t\t<div class=\"elementor-container elementor-column-gap-default\">\n\t\t\t\t\t<div class=\"elementor-column elementor-col-100 elementor-top-column elementor-element elementor-element-fd8e79e\" data-id=\"fd8e79e\" data-element_type=\"column\" data-e-type=\"column\">\n\t\t\t<div class=\"elementor-widget-wrap\">\n\t\t\t\t\t\t\t<\/div>\n\t\t<\/div>\n\t\t\t\t\t<\/div>\n\t\t<\/section>\n\t\t\t\t<section class=\"elementor-section elementor-top-section elementor-element elementor-element-441a6a3 elementor-section-boxed elementor-section-height-default elementor-section-height-default\" data-id=\"441a6a3\" data-element_type=\"section\" data-e-type=\"section\">\n\t\t\t\t\t\t<div class=\"elementor-container elementor-column-gap-default\">\n\t\t\t\t\t<div class=\"elementor-column elementor-col-100 elementor-top-column elementor-element elementor-element-aa26b0e\" data-id=\"aa26b0e\" data-element_type=\"column\" data-e-type=\"column\">\n\t\t\t<div class=\"elementor-widget-wrap elementor-element-populated\">\n\t\t\t\t\t\t<div class=\"elementor-element elementor-element-11fda5c elementor-widget elementor-widget-text-editor\" data-id=\"11fda5c\" data-element_type=\"widget\" data-e-type=\"widget\" data-widget_type=\"text-editor.default\">\n\t\t\t\t<div class=\"elementor-widget-container\">\n\t\t\t\t\t\t\t\t\t<p>Derni\u00e8re manifestation de l&#8217;ann\u00e9es de l&#8217;ACTP Romandie\/Valais, organis\u00e9e de concert avec l&#8217;Association des Ing\u00e9nieurs des transports publics Suisse occidentale \/ Valais avec la vi-site des chantiers navals de la CGN.<\/p><p>Sous la houlette de Messieurs Imhof et von Fl\u00fce la forte cohorte a pu se faire une id\u00e9e de la fabrication des navettes NaviExpress mais aussi des d\u00e9fis et solutions \u00e0 mettre en oeuvre pour transporter plus de 2.5 millions de voyageurs par ann\u00e9e (chiffre de 2022) par voie lacustre. Une magnifique visite, de surcroit tr\u00e8s instructif.<\/p><p><span style=\"color: #993300;\"><strong><a style=\"color: #993300;\" href=\"https:\/\/www.kvoev-actp.ch\/fr\/manifestations\/visite-des-chantiers-navals-de-la-cgn-a-ouchy\/\" target=\"_blank\" rel=\"noopener\">Impressions photographiques de la manifestation<\/a><\/strong><\/span><\/p>\t\t\t\t\t\t\t\t<\/div>\n\t\t\t\t<\/div>\n\t\t\t\t\t<\/div>\n\t\t<\/div>\n\t\t\t\t\t<\/div>\n\t\t<\/section>\n\t\t\t\t<section class=\"elementor-section elementor-top-section elementor-element elementor-element-8494f03 elementor-section-boxed elementor-section-height-default elementor-section-height-default\" data-id=\"8494f03\" data-element_type=\"section\" data-e-type=\"section\">\n\t\t\t\t\t\t<div class=\"elementor-container elementor-column-gap-default\">\n\t\t\t\t\t<div class=\"elementor-column elementor-col-100 elementor-top-column elementor-element elementor-element-9898c54\" data-id=\"9898c54\" data-element_type=\"column\" data-e-type=\"column\">\n\t\t\t<div class=\"elementor-widget-wrap elementor-element-populated\">\n\t\t\t\t\t\t<div class=\"elementor-element elementor-element-13f8115 elementor-widget elementor-widget-spacer\" data-id=\"13f8115\" data-element_type=\"widget\" data-e-type=\"widget\" data-widget_type=\"spacer.default\">\n\t\t\t\t<div class=\"elementor-widget-container\">\n\t\t\t\t\t\t\t<div class=\"elementor-spacer\">\n\t\t\t<div class=\"elementor-spacer-inner\"><\/div>\n\t\t<\/div>\n\t\t\t\t\t\t<\/div>\n\t\t\t\t<\/div>\n\t\t\t\t\t<\/div>\n\t\t<\/div>\n\t\t\t\t\t<\/div>\n\t\t<\/section>\n\t\t\t\t<section class=\"elementor-section elementor-top-section elementor-element elementor-element-d4f4170 elementor-section-boxed elementor-section-height-default elementor-section-height-default\" data-id=\"d4f4170\" data-element_type=\"section\" data-e-type=\"section\">\n\t\t\t\t\t\t<div class=\"elementor-container elementor-column-gap-default\">\n\t\t\t\t\t<div class=\"elementor-column elementor-col-100 elementor-top-column elementor-element elementor-element-106cbeb\" data-id=\"106cbeb\" data-element_type=\"column\" data-e-type=\"column\">\n\t\t\t<div class=\"elementor-widget-wrap\">\n\t\t\t\t\t\t\t<\/div>\n\t\t<\/div>\n\t\t\t\t\t<\/div>\n\t\t<\/section>\n\t\t\t\t<\/div>\n\t\t","protected":false},"excerpt":{"rendered":"<p>R\u00e9tro \u00e0 la visite des chantiers navals de la CGN avec des photos 17 novembre 2023 Derni\u00e8re manifestation de l&#8217;ann\u00e9es de l&#8217;ACTP Romandie\/Valais, organis\u00e9e de concert avec l&#8217;Association des Ing\u00e9nieurs des transports publics Suisse occidentale \/ Valais avec la vi-site des chantiers navals de la CGN. Sous la houlette de Messieurs Imhof et von Fl\u00fce [&hellip;]<\/p>\n","protected":false},"author":1,"featured_media":13086,"comment_status":"closed","ping_status":"closed","sticky":false,"template":"","format":"standard","meta":{"footnotes":""},"categories":[56],"tags":[37],"class_list":["post-13093","post","type-post","status-publish","format-standard","has-post-thumbnail","hentry","category-manifestations","tag-francais"],"_links":{"self":[{"href":"https:\/\/www.kvoev-actp.ch\/fr\/wp-json\/wp\/v2\/posts\/13093","targetHints":{"allow":["GET"]}}],"collection":[{"href":"https:\/\/www.kvoev-actp.ch\/fr\/wp-json\/wp\/v2\/posts"}],"about":[{"href":"https:\/\/www.kvoev-actp.ch\/fr\/wp-json\/wp\/v2\/types\/post"}],"author":[{"embeddable":true,"href":"https:\/\/www.kvoev-actp.ch\/fr\/wp-json\/wp\/v2\/users\/1"}],"replies":[{"embeddable":true,"href":"https:\/\/www.kvoev-actp.ch\/fr\/wp-json\/wp\/v2\/comments?post=13093"}],"version-history":[{"count":5,"href":"https:\/\/www.kvoev-actp.ch\/fr\/wp-json\/wp\/v2\/posts\/13093\/revisions"}],"predecessor-version":[{"id":13098,"href":"https:\/\/www.kvoev-actp.ch\/fr\/wp-json\/wp\/v2\/posts\/13093\/revisions\/13098"}],"wp:featuredmedia":[{"embeddable":true,"href":"https:\/\/www.kvoev-actp.ch\/fr\/wp-json\/wp\/v2\/media\/13086"}],"wp:attachment":[{"href":"https:\/\/www.kvoev-actp.ch\/fr\/wp-json\/wp\/v2\/media?parent=13093"}],"wp:term":[{"taxonomy":"category","embeddable":true,"href":"https:\/\/www.kvoev-actp.ch\/fr\/wp-json\/wp\/v2\/categories?post=13093"},{"taxonomy":"post_tag","embeddable":true,"href":"https:\/\/www.kvoev-actp.ch\/fr\/wp-json\/wp\/v2\/tags?post=13093"}],"curies":[{"name":"wp","href":"https:\/\/api.w.org\/{rel}","templated":true}]}}