{"id":13246,"date":"2023-11-23T15:54:22","date_gmt":"2023-11-23T14:54:22","guid":{"rendered":"https:\/\/kvoev-actp.ch\/succes-de-la-manifestation-fetant-les-25-ans-de-lactp-en-presence-de-personnalites-des-transports-publics-de-toute-la-suisse\/"},"modified":"2023-11-23T15:55:32","modified_gmt":"2023-11-23T14:55:32","slug":"succes-de-la-manifestation-fetant-les-25-ans-de-lactp-en-presence-de-personnalites-des-transports-publics-de-toute-la-suisse","status":"publish","type":"post","link":"https:\/\/www.kvoev-actp.ch\/fr\/succes-de-la-manifestation-fetant-les-25-ans-de-lactp-en-presence-de-personnalites-des-transports-publics-de-toute-la-suisse\/","title":{"rendered":"Succ\u00e8s de la manifestation f\u00eatant les 25 ans de l&#8217;ACTP en pr\u00e9sence de personnalit\u00e9s des transports publics de toute la Suisse"},"content":{"rendered":"\t\t<div data-elementor-type=\"wp-post\" data-elementor-id=\"13246\" class=\"elementor elementor-13246 elementor-13108\" data-elementor-post-type=\"post\">\n\t\t\t\t\t\t<section class=\"elementor-section elementor-top-section elementor-element elementor-element-03e5e8a elementor-section-boxed elementor-section-height-default elementor-section-height-default\" data-id=\"03e5e8a\" data-element_type=\"section\" data-e-type=\"section\">\n\t\t\t\t\t\t<div class=\"elementor-container elementor-column-gap-default\">\n\t\t\t\t\t<div class=\"elementor-column elementor-col-100 elementor-top-column elementor-element elementor-element-24910ee\" data-id=\"24910ee\" data-element_type=\"column\" data-e-type=\"column\">\n\t\t\t<div class=\"elementor-widget-wrap elementor-element-populated\">\n\t\t\t\t\t\t<div class=\"elementor-element elementor-element-ecb6c37 elementor-widget elementor-widget-spacer\" data-id=\"ecb6c37\" data-element_type=\"widget\" data-e-type=\"widget\" data-widget_type=\"spacer.default\">\n\t\t\t\t<div class=\"elementor-widget-container\">\n\t\t\t\t\t\t\t<div class=\"elementor-spacer\">\n\t\t\t<div class=\"elementor-spacer-inner\"><\/div>\n\t\t<\/div>\n\t\t\t\t\t\t<\/div>\n\t\t\t\t<\/div>\n\t\t\t\t\t<\/div>\n\t\t<\/div>\n\t\t\t\t\t<\/div>\n\t\t<\/section>\n\t\t\t\t<section class=\"elementor-section elementor-top-section elementor-element elementor-element-bbcafe3 elementor-section-boxed elementor-section-height-default elementor-section-height-default\" data-id=\"bbcafe3\" data-element_type=\"section\" data-e-type=\"section\">\n\t\t\t\t\t\t<div class=\"elementor-container elementor-column-gap-default\">\n\t\t\t\t\t<div class=\"elementor-column elementor-col-100 elementor-top-column elementor-element elementor-element-08a4148\" data-id=\"08a4148\" data-element_type=\"column\" data-e-type=\"column\">\n\t\t\t<div class=\"elementor-widget-wrap elementor-element-populated\">\n\t\t\t\t\t\t<div class=\"elementor-element elementor-element-9164229 elementor-widget elementor-widget-heading\" data-id=\"9164229\" data-element_type=\"widget\" data-e-type=\"widget\" data-widget_type=\"heading.default\">\n\t\t\t\t<div class=\"elementor-widget-container\">\n\t\t\t\t\t<h2 class=\"elementor-heading-title elementor-size-default\">Succ\u00e8s de la manifestation f\u00eatant les 25 ans de l'ACTP en pr\u00e9sence de personnalit\u00e9s des transports publics de toute la Suisse<\/h2>\t\t\t\t<\/div>\n\t\t\t\t<\/div>\n\t\t\t\t\t<\/div>\n\t\t<\/div>\n\t\t\t\t\t<\/div>\n\t\t<\/section>\n\t\t\t\t<section class=\"elementor-section elementor-top-section elementor-element elementor-element-1204f8b elementor-section-boxed elementor-section-height-default elementor-section-height-default\" data-id=\"1204f8b\" data-element_type=\"section\" data-e-type=\"section\">\n\t\t\t\t\t\t<div class=\"elementor-container elementor-column-gap-default\">\n\t\t\t\t\t<div class=\"elementor-column elementor-col-100 elementor-top-column elementor-element elementor-element-e1103d0\" data-id=\"e1103d0\" data-element_type=\"column\" data-e-type=\"column\">\n\t\t\t<div class=\"elementor-widget-wrap elementor-element-populated\">\n\t\t\t\t\t\t<div class=\"elementor-element elementor-element-519a1bc elementor-widget elementor-widget-text-editor\" data-id=\"519a1bc\" data-element_type=\"widget\" data-e-type=\"widget\" data-widget_type=\"text-editor.default\">\n\t\t\t\t<div class=\"elementor-widget-container\">\n\t\t\t\t\t\t\t\t\t<p>23 novembre 2023<\/p>\n\t\t\t\t\t\t\t\t<\/div>\n\t\t\t\t<\/div>\n\t\t\t\t\t<\/div>\n\t\t<\/div>\n\t\t\t\t\t<\/div>\n\t\t<\/section>\n\t\t\t\t<section class=\"elementor-section elementor-top-section elementor-element elementor-element-d6c235d elementor-section-boxed elementor-section-height-default elementor-section-height-default\" data-id=\"d6c235d\" data-element_type=\"section\" data-e-type=\"section\">\n\t\t\t\t\t\t<div class=\"elementor-container elementor-column-gap-default\">\n\t\t\t\t\t<div class=\"elementor-column elementor-col-100 elementor-top-column elementor-element elementor-element-43933fe\" data-id=\"43933fe\" data-element_type=\"column\" data-e-type=\"column\">\n\t\t\t<div class=\"elementor-widget-wrap elementor-element-populated\">\n\t\t\t\t\t\t<div class=\"elementor-element elementor-element-dae2e4e elementor-widget elementor-widget-image\" data-id=\"dae2e4e\" data-element_type=\"widget\" data-e-type=\"widget\" data-widget_type=\"image.default\">\n\t\t\t\t<div class=\"elementor-widget-container\">\n\t\t\t\t\t\t\t\t\t\t\t\t\t\t\t<img fetchpriority=\"high\" decoding=\"async\" width=\"550\" height=\"309\" src=\"https:\/\/www.kvoev-actp.ch\/wp-content\/uploads\/2023\/11\/25-Jahre-Gala-550.jpg\" class=\"attachment-large size-large wp-image-13112\" alt=\"\" srcset=\"https:\/\/www.kvoev-actp.ch\/wp-content\/uploads\/2023\/11\/25-Jahre-Gala-550.jpg 550w, https:\/\/www.kvoev-actp.ch\/wp-content\/uploads\/2023\/11\/25-Jahre-Gala-550-300x169.jpg 300w\" sizes=\"(max-width: 550px) 100vw, 550px\" \/>\t\t\t\t\t\t\t\t\t\t\t\t\t\t\t<\/div>\n\t\t\t\t<\/div>\n\t\t\t\t\t<\/div>\n\t\t<\/div>\n\t\t\t\t\t<\/div>\n\t\t<\/section>\n\t\t\t\t<section class=\"elementor-section elementor-top-section elementor-element elementor-element-fbf5de3 elementor-section-boxed elementor-section-height-default elementor-section-height-default\" data-id=\"fbf5de3\" data-element_type=\"section\" data-e-type=\"section\">\n\t\t\t\t\t\t<div class=\"elementor-container elementor-column-gap-default\">\n\t\t\t\t\t<div class=\"elementor-column elementor-col-100 elementor-top-column elementor-element elementor-element-fd8e79e\" data-id=\"fd8e79e\" data-element_type=\"column\" data-e-type=\"column\">\n\t\t\t<div class=\"elementor-widget-wrap\">\n\t\t\t\t\t\t\t<\/div>\n\t\t<\/div>\n\t\t\t\t\t<\/div>\n\t\t<\/section>\n\t\t\t\t<section class=\"elementor-section elementor-top-section elementor-element elementor-element-441a6a3 elementor-section-boxed elementor-section-height-default elementor-section-height-default\" data-id=\"441a6a3\" data-element_type=\"section\" data-e-type=\"section\">\n\t\t\t\t\t\t<div class=\"elementor-container elementor-column-gap-default\">\n\t\t\t\t\t<div class=\"elementor-column elementor-col-100 elementor-top-column elementor-element elementor-element-aa26b0e\" data-id=\"aa26b0e\" data-element_type=\"column\" data-e-type=\"column\">\n\t\t\t<div class=\"elementor-widget-wrap elementor-element-populated\">\n\t\t\t\t\t\t<div class=\"elementor-element elementor-element-11fda5c elementor-widget elementor-widget-text-editor\" data-id=\"11fda5c\" data-element_type=\"widget\" data-e-type=\"widget\" data-widget_type=\"text-editor.default\">\n\t\t\t\t<div class=\"elementor-widget-container\">\n\t\t\t\t\t\t\t\t\t<p>L&#8217;\u00e9v\u00e9nement marquant le jubil\u00e9 \u00ab 25 ans de l&#8217;ACTP \u00bb a eu lieu le 21 novembre 2023 au Schweizerhof \u00e0 Berne en pr\u00e9sence d&#8217;invit\u00e9s de marque de la branche des transports publics suisses et des membres de l&#8217;Association des cadres des transports publics.<\/p>\n<p>Deux tables rondes \u00e9taient au centre de la manifestation, l&#8217;une sur la question d\u00e9lib\u00e9r\u00e9ment rh\u00e9torique \u00ab Les TP suisses ont-ils encore besoin de cadres \u00e0 l&#8217;avenir ? \u00bb avec les CEO des CFF, du BLS et du SOB ainsi que le directeur de l&#8217;UTP. Puis Markus Jordi, responsable RH et membre de la direction du groupe CFF, et Markus Sp\u00fchler, pr\u00e9sident de l&#8217;ACTP, ont \u00e9chang\u00e9 sur le th\u00e8me \u00ab Que signifient les d\u00e9clarations des CEO pour le partenariat social ? \u00bb.<\/p>\n<p><strong><span style=\"color: #993300;\"><a style=\"color: #993300;\" href=\"https:\/\/www.kvoev-actp.ch\/fr\/manifestations\/celebration-de-notre-jubile-25-ans-de-lactp-le-21-novembre-2023\/\" target=\"_blank\" rel=\"noopener\">Pour en savoir plus, avec des photos de la manifestation.<\/a><\/span><\/strong><\/p>\n\t\t\t\t\t\t\t\t<\/div>\n\t\t\t\t<\/div>\n\t\t\t\t\t<\/div>\n\t\t<\/div>\n\t\t\t\t\t<\/div>\n\t\t<\/section>\n\t\t\t\t<section class=\"elementor-section elementor-top-section elementor-element elementor-element-8494f03 elementor-section-boxed elementor-section-height-default elementor-section-height-default\" data-id=\"8494f03\" data-element_type=\"section\" data-e-type=\"section\">\n\t\t\t\t\t\t<div class=\"elementor-container elementor-column-gap-default\">\n\t\t\t\t\t<div class=\"elementor-column elementor-col-100 elementor-top-column elementor-element elementor-element-9898c54\" data-id=\"9898c54\" data-element_type=\"column\" data-e-type=\"column\">\n\t\t\t<div class=\"elementor-widget-wrap elementor-element-populated\">\n\t\t\t\t\t\t<div class=\"elementor-element elementor-element-13f8115 elementor-widget elementor-widget-spacer\" data-id=\"13f8115\" data-element_type=\"widget\" data-e-type=\"widget\" data-widget_type=\"spacer.default\">\n\t\t\t\t<div class=\"elementor-widget-container\">\n\t\t\t\t\t\t\t<div class=\"elementor-spacer\">\n\t\t\t<div class=\"elementor-spacer-inner\"><\/div>\n\t\t<\/div>\n\t\t\t\t\t\t<\/div>\n\t\t\t\t<\/div>\n\t\t\t\t\t<\/div>\n\t\t<\/div>\n\t\t\t\t\t<\/div>\n\t\t<\/section>\n\t\t\t\t<section class=\"elementor-section elementor-top-section elementor-element elementor-element-d4f4170 elementor-section-boxed elementor-section-height-default elementor-section-height-default\" data-id=\"d4f4170\" data-element_type=\"section\" data-e-type=\"section\">\n\t\t\t\t\t\t<div class=\"elementor-container elementor-column-gap-default\">\n\t\t\t\t\t<div class=\"elementor-column elementor-col-100 elementor-top-column elementor-element elementor-element-106cbeb\" data-id=\"106cbeb\" data-element_type=\"column\" data-e-type=\"column\">\n\t\t\t<div class=\"elementor-widget-wrap\">\n\t\t\t\t\t\t\t<\/div>\n\t\t<\/div>\n\t\t\t\t\t<\/div>\n\t\t<\/section>\n\t\t\t\t<\/div>\n\t\t","protected":false},"excerpt":{"rendered":"<p>Succ\u00e8s de la manifestation f\u00eatant les 25 ans de l&#8217;ACTP en pr\u00e9sence de personnalit\u00e9s des transports publics de toute la Suisse 23 novembre 2023 L&#8217;\u00e9v\u00e9nement marquant le jubil\u00e9 \u00ab 25 ans de l&#8217;ACTP \u00bb a eu lieu le 21 novembre 2023 au Schweizerhof \u00e0 Berne en pr\u00e9sence d&#8217;invit\u00e9s de marque de la branche des transports [&hellip;]<\/p>\n","protected":false},"author":1,"featured_media":13110,"comment_status":"closed","ping_status":"closed","sticky":false,"template":"","format":"standard","meta":{"footnotes":""},"categories":[56],"tags":[37],"class_list":["post-13246","post","type-post","status-publish","format-standard","has-post-thumbnail","hentry","category-manifestations","tag-francais"],"_links":{"self":[{"href":"https:\/\/www.kvoev-actp.ch\/fr\/wp-json\/wp\/v2\/posts\/13246","targetHints":{"allow":["GET"]}}],"collection":[{"href":"https:\/\/www.kvoev-actp.ch\/fr\/wp-json\/wp\/v2\/posts"}],"about":[{"href":"https:\/\/www.kvoev-actp.ch\/fr\/wp-json\/wp\/v2\/types\/post"}],"author":[{"embeddable":true,"href":"https:\/\/www.kvoev-actp.ch\/fr\/wp-json\/wp\/v2\/users\/1"}],"replies":[{"embeddable":true,"href":"https:\/\/www.kvoev-actp.ch\/fr\/wp-json\/wp\/v2\/comments?post=13246"}],"version-history":[{"count":1,"href":"https:\/\/www.kvoev-actp.ch\/fr\/wp-json\/wp\/v2\/posts\/13246\/revisions"}],"predecessor-version":[{"id":13247,"href":"https:\/\/www.kvoev-actp.ch\/fr\/wp-json\/wp\/v2\/posts\/13246\/revisions\/13247"}],"wp:featuredmedia":[{"embeddable":true,"href":"https:\/\/www.kvoev-actp.ch\/fr\/wp-json\/wp\/v2\/media\/13110"}],"wp:attachment":[{"href":"https:\/\/www.kvoev-actp.ch\/fr\/wp-json\/wp\/v2\/media?parent=13246"}],"wp:term":[{"taxonomy":"category","embeddable":true,"href":"https:\/\/www.kvoev-actp.ch\/fr\/wp-json\/wp\/v2\/categories?post=13246"},{"taxonomy":"post_tag","embeddable":true,"href":"https:\/\/www.kvoev-actp.ch\/fr\/wp-json\/wp\/v2\/tags?post=13246"}],"curies":[{"name":"wp","href":"https:\/\/api.w.org\/{rel}","templated":true}]}}