{"id":16602,"date":"2024-09-05T17:39:43","date_gmt":"2024-09-05T15:39:43","guid":{"rendered":"https:\/\/kvoev-actp.ch\/armin-weber-designe-ceo-du-suedostbahn-sob-2\/"},"modified":"2024-09-05T17:40:53","modified_gmt":"2024-09-05T15:40:53","slug":"armin-weber-designe-ceo-du-suedostbahn-sob-2","status":"publish","type":"post","link":"https:\/\/www.kvoev-actp.ch\/fr\/armin-weber-designe-ceo-du-suedostbahn-sob-2\/","title":{"rendered":"Armin Weber d\u00e9sign\u00e9 CEO du S\u00fcdostbahn SOB"},"content":{"rendered":"\t\t<div data-elementor-type=\"wp-post\" data-elementor-id=\"16602\" class=\"elementor elementor-16602 elementor-16597\" data-elementor-post-type=\"post\">\n\t\t\t\t\t\t<section class=\"elementor-section elementor-top-section elementor-element elementor-element-03e5e8a elementor-section-boxed elementor-section-height-default elementor-section-height-default\" data-id=\"03e5e8a\" data-element_type=\"section\" data-e-type=\"section\">\n\t\t\t\t\t\t<div class=\"elementor-container elementor-column-gap-default\">\n\t\t\t\t\t<div class=\"elementor-column elementor-col-100 elementor-top-column elementor-element elementor-element-24910ee\" data-id=\"24910ee\" data-element_type=\"column\" data-e-type=\"column\">\n\t\t\t<div class=\"elementor-widget-wrap elementor-element-populated\">\n\t\t\t\t\t\t<div class=\"elementor-element elementor-element-ecb6c37 elementor-widget elementor-widget-spacer\" data-id=\"ecb6c37\" data-element_type=\"widget\" data-e-type=\"widget\" data-widget_type=\"spacer.default\">\n\t\t\t\t<div class=\"elementor-widget-container\">\n\t\t\t\t\t\t\t<div class=\"elementor-spacer\">\n\t\t\t<div class=\"elementor-spacer-inner\"><\/div>\n\t\t<\/div>\n\t\t\t\t\t\t<\/div>\n\t\t\t\t<\/div>\n\t\t\t\t\t<\/div>\n\t\t<\/div>\n\t\t\t\t\t<\/div>\n\t\t<\/section>\n\t\t\t\t<section class=\"elementor-section elementor-top-section elementor-element elementor-element-bbcafe3 elementor-section-boxed elementor-section-height-default elementor-section-height-default\" data-id=\"bbcafe3\" data-element_type=\"section\" data-e-type=\"section\">\n\t\t\t\t\t\t<div class=\"elementor-container elementor-column-gap-default\">\n\t\t\t\t\t<div class=\"elementor-column elementor-col-100 elementor-top-column elementor-element elementor-element-08a4148\" data-id=\"08a4148\" data-element_type=\"column\" data-e-type=\"column\">\n\t\t\t<div class=\"elementor-widget-wrap elementor-element-populated\">\n\t\t\t\t\t\t<div class=\"elementor-element elementor-element-9164229 elementor-widget elementor-widget-heading\" data-id=\"9164229\" data-element_type=\"widget\" data-e-type=\"widget\" data-widget_type=\"heading.default\">\n\t\t\t\t<div class=\"elementor-widget-container\">\n\t\t\t\t\t<h2 class=\"elementor-heading-title elementor-size-default\">Armin Weber d\u00e9sign\u00e9 CEO du S\u00fcdostbahn SOB <\/h2>\t\t\t\t<\/div>\n\t\t\t\t<\/div>\n\t\t\t\t\t<\/div>\n\t\t<\/div>\n\t\t\t\t\t<\/div>\n\t\t<\/section>\n\t\t\t\t<section class=\"elementor-section elementor-top-section elementor-element elementor-element-1204f8b elementor-section-boxed elementor-section-height-default elementor-section-height-default\" data-id=\"1204f8b\" data-element_type=\"section\" data-e-type=\"section\">\n\t\t\t\t\t\t<div class=\"elementor-container elementor-column-gap-default\">\n\t\t\t\t\t<div class=\"elementor-column elementor-col-100 elementor-top-column elementor-element elementor-element-e1103d0\" data-id=\"e1103d0\" data-element_type=\"column\" data-e-type=\"column\">\n\t\t\t<div class=\"elementor-widget-wrap\">\n\t\t\t\t\t\t\t<\/div>\n\t\t<\/div>\n\t\t\t\t\t<\/div>\n\t\t<\/section>\n\t\t\t\t<section class=\"elementor-section elementor-top-section elementor-element elementor-element-d6c235d elementor-section-boxed elementor-section-height-default elementor-section-height-default\" data-id=\"d6c235d\" data-element_type=\"section\" data-e-type=\"section\">\n\t\t\t\t\t\t<div class=\"elementor-container elementor-column-gap-default\">\n\t\t\t\t\t<div class=\"elementor-column elementor-col-100 elementor-top-column elementor-element elementor-element-43933fe\" data-id=\"43933fe\" data-element_type=\"column\" data-e-type=\"column\">\n\t\t\t<div class=\"elementor-widget-wrap elementor-element-populated\">\n\t\t\t\t\t\t<div class=\"elementor-element elementor-element-519a1bc elementor-widget elementor-widget-text-editor\" data-id=\"519a1bc\" data-element_type=\"widget\" data-e-type=\"widget\" data-widget_type=\"text-editor.default\">\n\t\t\t\t<div class=\"elementor-widget-container\">\n\t\t\t\t\t\t\t\t\t<p>5 septembre 2024<\/p>\n\t\t\t\t\t\t\t\t<\/div>\n\t\t\t\t<\/div>\n\t\t\t\t<div class=\"elementor-element elementor-element-dae2e4e elementor-widget elementor-widget-image\" data-id=\"dae2e4e\" data-element_type=\"widget\" data-e-type=\"widget\" data-widget_type=\"image.default\">\n\t\t\t\t<div class=\"elementor-widget-container\">\n\t\t\t\t\t\t\t\t\t\t\t\t\t\t\t<img fetchpriority=\"high\" decoding=\"async\" width=\"300\" height=\"300\" src=\"https:\/\/www.kvoev-actp.ch\/wp-content\/uploads\/2024\/09\/Armin-Weber-CEO-SOB-300.png\" class=\"attachment-large size-large wp-image-16583\" alt=\"\" srcset=\"https:\/\/www.kvoev-actp.ch\/wp-content\/uploads\/2024\/09\/Armin-Weber-CEO-SOB-300.png 300w, https:\/\/www.kvoev-actp.ch\/wp-content\/uploads\/2024\/09\/Armin-Weber-CEO-SOB-300-150x150.png 150w, https:\/\/www.kvoev-actp.ch\/wp-content\/uploads\/2024\/09\/Armin-Weber-CEO-SOB-300-285x285.png 285w\" sizes=\"(max-width: 300px) 100vw, 300px\" \/>\t\t\t\t\t\t\t\t\t\t\t\t\t\t\t<\/div>\n\t\t\t\t<\/div>\n\t\t\t\t\t<\/div>\n\t\t<\/div>\n\t\t\t\t\t<\/div>\n\t\t<\/section>\n\t\t\t\t<section class=\"elementor-section elementor-top-section elementor-element elementor-element-441a6a3 elementor-section-boxed elementor-section-height-default elementor-section-height-default\" data-id=\"441a6a3\" data-element_type=\"section\" data-e-type=\"section\">\n\t\t\t\t\t\t<div class=\"elementor-container elementor-column-gap-default\">\n\t\t\t\t\t<div class=\"elementor-column elementor-col-100 elementor-top-column elementor-element elementor-element-aa26b0e\" data-id=\"aa26b0e\" data-element_type=\"column\" data-e-type=\"column\">\n\t\t\t<div class=\"elementor-widget-wrap elementor-element-populated\">\n\t\t\t\t\t\t<div class=\"elementor-element elementor-element-11fda5c elementor-widget elementor-widget-text-editor\" data-id=\"11fda5c\" data-element_type=\"widget\" data-e-type=\"widget\" data-widget_type=\"text-editor.default\">\n\t\t\t\t<div class=\"elementor-widget-container\">\n\t\t\t\t\t\t\t\t\t<p>Armin Weber, actuellement directeur du trafic grandes lignes des CFF SA, deviendra le nouveau CEO du SOB SA le 1er mars 2025, succ\u00e9dant ainsi \u00e0 Thomas K\u00fcchler qui part \u00e0 la retraite.<\/p>\n<p>L&#8217;ACTP le f\u00e9licite pour son \u00e9lection et est convaincue, avec Benedikt W\u00fcrth, pr\u00e9sident du conseil d&#8217;administration du SOB, que le positionnement du SOB en tant qu&#8217;entreprise ferroviaire innovante et orient\u00e9e vers la client\u00e8le sera encore renforc\u00e9 avec Armin Weber. <\/p>\n<p>Nous nous r\u00e9jouissons de la collaboration avec Armin Weber et son \u00e9quipe de direction et souhaitons remercier Thomas K\u00fcchler pour son grand soutien.<\/p>\n\t\t\t\t\t\t\t\t<\/div>\n\t\t\t\t<\/div>\n\t\t\t\t\t<\/div>\n\t\t<\/div>\n\t\t\t\t\t<\/div>\n\t\t<\/section>\n\t\t\t\t<section class=\"elementor-section elementor-top-section elementor-element elementor-element-8494f03 elementor-section-boxed elementor-section-height-default elementor-section-height-default\" data-id=\"8494f03\" data-element_type=\"section\" data-e-type=\"section\">\n\t\t\t\t\t\t<div class=\"elementor-container elementor-column-gap-default\">\n\t\t\t\t\t<div class=\"elementor-column elementor-col-100 elementor-top-column elementor-element elementor-element-9898c54\" data-id=\"9898c54\" data-element_type=\"column\" data-e-type=\"column\">\n\t\t\t<div class=\"elementor-widget-wrap elementor-element-populated\">\n\t\t\t\t\t\t<div class=\"elementor-element elementor-element-13f8115 elementor-widget elementor-widget-spacer\" data-id=\"13f8115\" data-element_type=\"widget\" data-e-type=\"widget\" data-widget_type=\"spacer.default\">\n\t\t\t\t<div class=\"elementor-widget-container\">\n\t\t\t\t\t\t\t<div class=\"elementor-spacer\">\n\t\t\t<div class=\"elementor-spacer-inner\"><\/div>\n\t\t<\/div>\n\t\t\t\t\t\t<\/div>\n\t\t\t\t<\/div>\n\t\t\t\t\t<\/div>\n\t\t<\/div>\n\t\t\t\t\t<\/div>\n\t\t<\/section>\n\t\t\t\t<\/div>\n\t\t","protected":false},"excerpt":{"rendered":"<p>Armin Weber d\u00e9sign\u00e9 CEO du S\u00fcdostbahn SOB 5 septembre 2024 Armin Weber, actuellement directeur du trafic grandes lignes des CFF SA, deviendra le nouveau CEO du SOB SA le 1er mars 2025, succ\u00e9dant ainsi \u00e0 Thomas K\u00fcchler qui part \u00e0 la retraite. L&#8217;ACTP le f\u00e9licite pour son \u00e9lection et est convaincue, avec Benedikt W\u00fcrth, pr\u00e9sident [&hellip;]<\/p>\n","protected":false},"author":1,"featured_media":16583,"comment_status":"closed","ping_status":"closed","sticky":false,"template":"","format":"standard","meta":{"footnotes":""},"categories":[76,82],"tags":[37],"class_list":["post-16602","post","type-post","status-publish","format-standard","has-post-thumbnail","hentry","category-actualites","category-sob-fr","tag-francais"],"_links":{"self":[{"href":"https:\/\/www.kvoev-actp.ch\/fr\/wp-json\/wp\/v2\/posts\/16602","targetHints":{"allow":["GET"]}}],"collection":[{"href":"https:\/\/www.kvoev-actp.ch\/fr\/wp-json\/wp\/v2\/posts"}],"about":[{"href":"https:\/\/www.kvoev-actp.ch\/fr\/wp-json\/wp\/v2\/types\/post"}],"author":[{"embeddable":true,"href":"https:\/\/www.kvoev-actp.ch\/fr\/wp-json\/wp\/v2\/users\/1"}],"replies":[{"embeddable":true,"href":"https:\/\/www.kvoev-actp.ch\/fr\/wp-json\/wp\/v2\/comments?post=16602"}],"version-history":[{"count":1,"href":"https:\/\/www.kvoev-actp.ch\/fr\/wp-json\/wp\/v2\/posts\/16602\/revisions"}],"predecessor-version":[{"id":16603,"href":"https:\/\/www.kvoev-actp.ch\/fr\/wp-json\/wp\/v2\/posts\/16602\/revisions\/16603"}],"wp:featuredmedia":[{"embeddable":true,"href":"https:\/\/www.kvoev-actp.ch\/fr\/wp-json\/wp\/v2\/media\/16583"}],"wp:attachment":[{"href":"https:\/\/www.kvoev-actp.ch\/fr\/wp-json\/wp\/v2\/media?parent=16602"}],"wp:term":[{"taxonomy":"category","embeddable":true,"href":"https:\/\/www.kvoev-actp.ch\/fr\/wp-json\/wp\/v2\/categories?post=16602"},{"taxonomy":"post_tag","embeddable":true,"href":"https:\/\/www.kvoev-actp.ch\/fr\/wp-json\/wp\/v2\/tags?post=16602"}],"curies":[{"name":"wp","href":"https:\/\/api.w.org\/{rel}","templated":true}]}}