{"id":21350,"date":"2026-03-12T07:49:38","date_gmt":"2026-03-12T06:49:38","guid":{"rendered":"https:\/\/www.kvoev-actp.ch\/situation-des-echanges-au-sujet-des-indemnites-et-dautres-themes\/"},"modified":"2026-03-12T07:51:07","modified_gmt":"2026-03-12T06:51:07","slug":"situation-des-echanges-au-sujet-des-indemnites-et-dautres-themes","status":"publish","type":"post","link":"https:\/\/www.kvoev-actp.ch\/fr\/situation-des-echanges-au-sujet-des-indemnites-et-dautres-themes\/","title":{"rendered":"Situation des \u00e9changes au sujet des indemnit\u00e9s et d&#8217;autres th\u00e8mes"},"content":{"rendered":"\t\t<div data-elementor-type=\"wp-post\" data-elementor-id=\"21350\" class=\"elementor elementor-21350 elementor-21343\" data-elementor-post-type=\"post\">\n\t\t\t\t\t\t<section class=\"elementor-section elementor-top-section elementor-element elementor-element-03e5e8a elementor-section-boxed elementor-section-height-default elementor-section-height-default\" data-id=\"03e5e8a\" data-element_type=\"section\" data-e-type=\"section\">\n\t\t\t\t\t\t<div class=\"elementor-container elementor-column-gap-default\">\n\t\t\t\t\t<div class=\"elementor-column elementor-col-100 elementor-top-column elementor-element elementor-element-24910ee\" data-id=\"24910ee\" data-element_type=\"column\" data-e-type=\"column\">\n\t\t\t<div class=\"elementor-widget-wrap elementor-element-populated\">\n\t\t\t\t\t\t<div class=\"elementor-element elementor-element-ecb6c37 elementor-widget elementor-widget-spacer\" data-id=\"ecb6c37\" data-element_type=\"widget\" data-e-type=\"widget\" data-widget_type=\"spacer.default\">\n\t\t\t\t<div class=\"elementor-widget-container\">\n\t\t\t\t\t\t\t<div class=\"elementor-spacer\">\n\t\t\t<div class=\"elementor-spacer-inner\"><\/div>\n\t\t<\/div>\n\t\t\t\t\t\t<\/div>\n\t\t\t\t<\/div>\n\t\t\t\t\t<\/div>\n\t\t<\/div>\n\t\t\t\t\t<\/div>\n\t\t<\/section>\n\t\t\t\t<section class=\"elementor-section elementor-top-section elementor-element elementor-element-bbcafe3 elementor-section-boxed elementor-section-height-default elementor-section-height-default\" data-id=\"bbcafe3\" data-element_type=\"section\" data-e-type=\"section\">\n\t\t\t\t\t\t<div class=\"elementor-container elementor-column-gap-default\">\n\t\t\t\t\t<div class=\"elementor-column elementor-col-100 elementor-top-column elementor-element elementor-element-08a4148\" data-id=\"08a4148\" data-element_type=\"column\" data-e-type=\"column\">\n\t\t\t<div class=\"elementor-widget-wrap elementor-element-populated\">\n\t\t\t\t\t\t<div class=\"elementor-element elementor-element-9164229 elementor-widget elementor-widget-heading\" data-id=\"9164229\" data-element_type=\"widget\" data-e-type=\"widget\" data-widget_type=\"heading.default\">\n\t\t\t\t<div class=\"elementor-widget-container\">\n\t\t\t\t\t<h2 class=\"elementor-heading-title elementor-size-default\">Situation des \u00e9changes au sujet des indemnit\u00e9s et d'autres th\u00e8mes<\/h2>\t\t\t\t<\/div>\n\t\t\t\t<\/div>\n\t\t\t\t\t<\/div>\n\t\t<\/div>\n\t\t\t\t\t<\/div>\n\t\t<\/section>\n\t\t\t\t<section class=\"elementor-section elementor-top-section elementor-element elementor-element-1204f8b elementor-section-boxed elementor-section-height-default elementor-section-height-default\" data-id=\"1204f8b\" data-element_type=\"section\" data-e-type=\"section\">\n\t\t\t\t\t\t<div class=\"elementor-container elementor-column-gap-default\">\n\t\t\t\t\t<div class=\"elementor-column elementor-col-100 elementor-top-column elementor-element elementor-element-e1103d0\" data-id=\"e1103d0\" data-element_type=\"column\" data-e-type=\"column\">\n\t\t\t<div class=\"elementor-widget-wrap elementor-element-populated\">\n\t\t\t\t\t\t<div class=\"elementor-element elementor-element-519a1bc elementor-widget elementor-widget-text-editor\" data-id=\"519a1bc\" data-element_type=\"widget\" data-e-type=\"widget\" data-widget_type=\"text-editor.default\">\n\t\t\t\t<div class=\"elementor-widget-container\">\n\t\t\t\t\t\t\t\t\t<p>12 mars 2026<\/p>\t\t\t\t\t\t\t\t<\/div>\n\t\t\t\t<\/div>\n\t\t\t\t\t<\/div>\n\t\t<\/div>\n\t\t\t\t\t<\/div>\n\t\t<\/section>\n\t\t\t\t<section class=\"elementor-section elementor-top-section elementor-element elementor-element-d6c235d elementor-section-boxed elementor-section-height-default elementor-section-height-default\" data-id=\"d6c235d\" data-element_type=\"section\" data-e-type=\"section\">\n\t\t\t\t\t\t<div class=\"elementor-container elementor-column-gap-default\">\n\t\t\t\t\t<div class=\"elementor-column elementor-col-100 elementor-top-column elementor-element elementor-element-43933fe\" data-id=\"43933fe\" data-element_type=\"column\" data-e-type=\"column\">\n\t\t\t<div class=\"elementor-widget-wrap elementor-element-populated\">\n\t\t\t\t\t\t<div class=\"elementor-element elementor-element-dae2e4e elementor-widget elementor-widget-image\" data-id=\"dae2e4e\" data-element_type=\"widget\" data-e-type=\"widget\" data-widget_type=\"image.default\">\n\t\t\t\t<div class=\"elementor-widget-container\">\n\t\t\t\t\t\t\t\t\t\t\t\t\t\t\t<img fetchpriority=\"high\" decoding=\"async\" width=\"300\" height=\"300\" src=\"https:\/\/www.kvoev-actp.ch\/wp-content\/uploads\/2026\/03\/Verhandlung-300.jpg\" class=\"attachment-full size-full wp-image-21349\" alt=\"Situation des \u00e9changes au sujet des indemnit\u00e9s et d&#039;autres th\u00e8mes\" srcset=\"https:\/\/www.kvoev-actp.ch\/wp-content\/uploads\/2026\/03\/Verhandlung-300.jpg 300w, https:\/\/www.kvoev-actp.ch\/wp-content\/uploads\/2026\/03\/Verhandlung-300-150x150.jpg 150w, https:\/\/www.kvoev-actp.ch\/wp-content\/uploads\/2026\/03\/Verhandlung-300-285x285.jpg 285w\" sizes=\"(max-width: 300px) 100vw, 300px\" \/>\t\t\t\t\t\t\t\t\t\t\t\t\t\t\t<\/div>\n\t\t\t\t<\/div>\n\t\t\t\t\t<\/div>\n\t\t<\/div>\n\t\t\t\t\t<\/div>\n\t\t<\/section>\n\t\t\t\t<section class=\"elementor-section elementor-top-section elementor-element elementor-element-11547e6 elementor-section-boxed elementor-section-height-default elementor-section-height-default\" data-id=\"11547e6\" data-element_type=\"section\" data-e-type=\"section\">\n\t\t\t\t\t\t<div class=\"elementor-container elementor-column-gap-default\">\n\t\t\t\t\t<div class=\"elementor-column elementor-col-100 elementor-top-column elementor-element elementor-element-b98b18f\" data-id=\"b98b18f\" data-element_type=\"column\" data-e-type=\"column\">\n\t\t\t<div class=\"elementor-widget-wrap elementor-element-populated\">\n\t\t\t\t\t\t<div class=\"elementor-element elementor-element-0633c8c elementor-widget elementor-widget-text-editor\" data-id=\"0633c8c\" data-element_type=\"widget\" data-e-type=\"widget\" data-widget_type=\"text-editor.default\">\n\t\t\t\t<div class=\"elementor-widget-container\">\n\t\t\t\t\t\t\t\t\t<p>Un nouvel \u00e9change s&#8217;est d\u00e9roul\u00e9 le 6 mars 2026 entre la communaut\u00e9 de n\u00e9gociation et les CFF pour parler des indemnit\u00e9s et d&#8217;autres th\u00e8mes li\u00e9s au salaire. Voici un \u00e9tat interm\u00e9diaire.<\/p><p><span style=\"color: #993300;\"><strong><a style=\"color: #993300;\" href=\"https:\/\/www.kvoev-actp.ch\/wp-content\/uploads\/2026\/03\/NL-1203-Situation-des-echanges-au-sujet-des-indemnites-et-dautres-themes-avec-les-CFF.pdf\" target=\"_blank\" rel=\"noopener\">POUR EN SAVOIR PLUS<\/a><\/strong><\/span><\/p>\t\t\t\t\t\t\t\t<\/div>\n\t\t\t\t<\/div>\n\t\t\t\t\t<\/div>\n\t\t<\/div>\n\t\t\t\t\t<\/div>\n\t\t<\/section>\n\t\t\t\t<section class=\"elementor-section elementor-top-section elementor-element elementor-element-8494f03 elementor-section-boxed elementor-section-height-default elementor-section-height-default\" data-id=\"8494f03\" data-element_type=\"section\" data-e-type=\"section\">\n\t\t\t\t\t\t<div class=\"elementor-container elementor-column-gap-default\">\n\t\t\t\t\t<div class=\"elementor-column elementor-col-100 elementor-top-column elementor-element elementor-element-9898c54\" data-id=\"9898c54\" data-element_type=\"column\" data-e-type=\"column\">\n\t\t\t<div class=\"elementor-widget-wrap elementor-element-populated\">\n\t\t\t\t\t\t<div class=\"elementor-element elementor-element-13f8115 elementor-widget elementor-widget-spacer\" data-id=\"13f8115\" data-element_type=\"widget\" data-e-type=\"widget\" data-widget_type=\"spacer.default\">\n\t\t\t\t<div class=\"elementor-widget-container\">\n\t\t\t\t\t\t\t<div class=\"elementor-spacer\">\n\t\t\t<div class=\"elementor-spacer-inner\"><\/div>\n\t\t<\/div>\n\t\t\t\t\t\t<\/div>\n\t\t\t\t<\/div>\n\t\t\t\t\t<\/div>\n\t\t<\/div>\n\t\t\t\t\t<\/div>\n\t\t<\/section>\n\t\t\t\t<\/div>\n\t\t","protected":false},"excerpt":{"rendered":"<p>Situation des \u00e9changes au sujet des indemnit\u00e9s et d&#8217;autres th\u00e8mes 12 mars 2026 Un nouvel \u00e9change s&#8217;est d\u00e9roul\u00e9 le 6 mars 2026 entre la communaut\u00e9 de n\u00e9gociation et les CFF pour parler des indemnit\u00e9s et d&#8217;autres th\u00e8mes li\u00e9s au salaire. Voici un \u00e9tat interm\u00e9diaire. POUR EN SAVOIR PLUS<\/p>\n","protected":false},"author":1,"featured_media":21349,"comment_status":"closed","ping_status":"closed","sticky":false,"template":"","format":"standard","meta":{"footnotes":""},"categories":[76],"tags":[37],"class_list":["post-21350","post","type-post","status-publish","format-standard","has-post-thumbnail","hentry","category-actualites","tag-francais"],"_links":{"self":[{"href":"https:\/\/www.kvoev-actp.ch\/fr\/wp-json\/wp\/v2\/posts\/21350","targetHints":{"allow":["GET"]}}],"collection":[{"href":"https:\/\/www.kvoev-actp.ch\/fr\/wp-json\/wp\/v2\/posts"}],"about":[{"href":"https:\/\/www.kvoev-actp.ch\/fr\/wp-json\/wp\/v2\/types\/post"}],"author":[{"embeddable":true,"href":"https:\/\/www.kvoev-actp.ch\/fr\/wp-json\/wp\/v2\/users\/1"}],"replies":[{"embeddable":true,"href":"https:\/\/www.kvoev-actp.ch\/fr\/wp-json\/wp\/v2\/comments?post=21350"}],"version-history":[{"count":4,"href":"https:\/\/www.kvoev-actp.ch\/fr\/wp-json\/wp\/v2\/posts\/21350\/revisions"}],"predecessor-version":[{"id":21354,"href":"https:\/\/www.kvoev-actp.ch\/fr\/wp-json\/wp\/v2\/posts\/21350\/revisions\/21354"}],"wp:featuredmedia":[{"embeddable":true,"href":"https:\/\/www.kvoev-actp.ch\/fr\/wp-json\/wp\/v2\/media\/21349"}],"wp:attachment":[{"href":"https:\/\/www.kvoev-actp.ch\/fr\/wp-json\/wp\/v2\/media?parent=21350"}],"wp:term":[{"taxonomy":"category","embeddable":true,"href":"https:\/\/www.kvoev-actp.ch\/fr\/wp-json\/wp\/v2\/categories?post=21350"},{"taxonomy":"post_tag","embeddable":true,"href":"https:\/\/www.kvoev-actp.ch\/fr\/wp-json\/wp\/v2\/tags?post=21350"}],"curies":[{"name":"wp","href":"https:\/\/api.w.org\/{rel}","templated":true}]}}